{"id":693,"date":"2024-02-07T00:46:27","date_gmt":"2024-02-06T23:46:27","guid":{"rendered":"https:\/\/marquepageleognan.fr\/wordpress\/?p=693"},"modified":"2024-02-07T00:47:14","modified_gmt":"2024-02-06T23:47:14","slug":"adhesion-2024","status":"publish","type":"post","link":"https:\/\/marquepageleognan.fr\/wordpress\/index.php\/2024\/02\/07\/adhesion-2024\/","title":{"rendered":"Adh\u00e9sion 2024"},"content":{"rendered":"\n<p>Pour adh\u00e9rer \u00e0 l&rsquo;association, il suffit de r\u00e9gler la cotisation annuelle d&rsquo;un montant de 5 \u20ac,  ou plus \ud83d\ude09 en cliquant sur le lien ci-apr\u00e8s :&nbsp;<a rel=\"noreferrer noopener\" href=\"https:\/\/www.helloasso.com\/associations\/marquepage\/adhesions\/adhesion-marque-page-2024\" target=\"_blank\">https:\/\/www.helloasso.com\/associations\/marquepage\/adhesions\/adhesion-marque-page-2024<\/a><\/p>\n\n\n\n<p>Nous avons le plaisir de vous inviter \u00e0 l&rsquo;Assembl\u00e9e G\u00e9n\u00e9rale de l&rsquo;association Marque Page qui se tiendra le :<\/p>\n\n\n\n<p><strong>Vendredi 16 f\u00e9vrier \u00e0 20h30<\/strong><\/p>\n\n\n\n<p>Petit Salon \u00e0 c\u00f4t\u00e9 des Halles de Gascogne \u00e0 L\u00e9ognan <\/p>\n\n\n\n<p><\/p>\n","protected":false},"excerpt":{"rendered":"<p>Pour adh\u00e9rer \u00e0 l&rsquo;association, il suffit de r\u00e9gler la cotisation annuelle d&rsquo;un montant de 5 \u20ac, ou plus \ud83d\ude09 en cliquant sur le lien ci-apr\u00e8s :&nbsp;https:\/\/www.helloasso.com\/associations\/marquepage\/adhesions\/adhesion-marque-page-2024 Nous avons le plaisir de vous&hellip;<\/p>\n<p><a class=\"excerpt-readmore\" href=\"https:\/\/marquepageleognan.fr\/wordpress\/index.php\/2024\/02\/07\/adhesion-2024\/\">Read More<\/a><\/p>\n","protected":false},"author":1,"featured_media":0,"comment_status":"closed","ping_status":"","sticky":false,"template":"","format":"standard","meta":[],"categories":[13],"tags":[],"_links":{"self":[{"href":"https:\/\/marquepageleognan.fr\/wordpress\/index.php\/wp-json\/wp\/v2\/posts\/693"}],"collection":[{"href":"https:\/\/marquepageleognan.fr\/wordpress\/index.php\/wp-json\/wp\/v2\/posts"}],"about":[{"href":"https:\/\/marquepageleognan.fr\/wordpress\/index.php\/wp-json\/wp\/v2\/types\/post"}],"author":[{"embeddable":true,"href":"https:\/\/marquepageleognan.fr\/wordpress\/index.php\/wp-json\/wp\/v2\/users\/1"}],"replies":[{"embeddable":true,"href":"https:\/\/marquepageleognan.fr\/wordpress\/index.php\/wp-json\/wp\/v2\/comments?post=693"}],"version-history":[{"count":2,"href":"https:\/\/marquepageleognan.fr\/wordpress\/index.php\/wp-json\/wp\/v2\/posts\/693\/revisions"}],"predecessor-version":[{"id":695,"href":"https:\/\/marquepageleognan.fr\/wordpress\/index.php\/wp-json\/wp\/v2\/posts\/693\/revisions\/695"}],"wp:attachment":[{"href":"https:\/\/marquepageleognan.fr\/wordpress\/index.php\/wp-json\/wp\/v2\/media?parent=693"}],"wp:term":[{"taxonomy":"category","embeddable":true,"href":"https:\/\/marquepageleognan.fr\/wordpress\/index.php\/wp-json\/wp\/v2\/categories?post=693"},{"taxonomy":"post_tag","embeddable":true,"href":"https:\/\/marquepageleognan.fr\/wordpress\/index.php\/wp-json\/wp\/v2\/tags?post=693"}],"curies":[{"name":"wp","href":"https:\/\/api.w.org\/{rel}","templated":true}]}}