{"id":809,"date":"2025-12-05T11:34:15","date_gmt":"2025-12-05T10:34:15","guid":{"rendered":"https:\/\/marquepageleognan.fr\/wordpress\/?p=809"},"modified":"2025-12-05T11:34:28","modified_gmt":"2025-12-05T10:34:28","slug":"podcast-fete-du-livre-jeunesse-et-bd-2025","status":"publish","type":"post","link":"https:\/\/marquepageleognan.fr\/wordpress\/index.php\/2025\/12\/05\/podcast-fete-du-livre-jeunesse-et-bd-2025\/","title":{"rendered":"PODCAST F\u00eate du Livre jeunesse et BD 2025"},"content":{"rendered":"\n<p>A\u00a0<a rel=\"noreferrer noopener\" href=\"https:\/\/drive.google.com\/file\/d\/1Hg-oxssUeRW3GHSVkF0zCpQhsxTDi3f_\/view?usp=sharing\" target=\"_blank\">\u00e9couter le podcast<\/a>\u00a0r\u00e9alis\u00e9 par les jeunes du CMJ et de la MDJ , enregistr\u00e9 \u00e0 la F\u00eate du Livre le mercredi 19 novembre, merci aux jeunes journalistes et aux participants<\/p>\n","protected":false},"excerpt":{"rendered":"<p>A\u00a0\u00e9couter le podcast\u00a0r\u00e9alis\u00e9 par les jeunes du CMJ et de la MDJ , enregistr\u00e9 \u00e0 la F\u00eate du Livre le mercredi 19 novembre, merci aux jeunes journalistes et aux participants<\/p>\n","protected":false},"author":1,"featured_media":0,"comment_status":"closed","ping_status":"closed","sticky":false,"template":"","format":"standard","meta":[],"categories":[16],"tags":[],"_links":{"self":[{"href":"https:\/\/marquepageleognan.fr\/wordpress\/index.php\/wp-json\/wp\/v2\/posts\/809"}],"collection":[{"href":"https:\/\/marquepageleognan.fr\/wordpress\/index.php\/wp-json\/wp\/v2\/posts"}],"about":[{"href":"https:\/\/marquepageleognan.fr\/wordpress\/index.php\/wp-json\/wp\/v2\/types\/post"}],"author":[{"embeddable":true,"href":"https:\/\/marquepageleognan.fr\/wordpress\/index.php\/wp-json\/wp\/v2\/users\/1"}],"replies":[{"embeddable":true,"href":"https:\/\/marquepageleognan.fr\/wordpress\/index.php\/wp-json\/wp\/v2\/comments?post=809"}],"version-history":[{"count":1,"href":"https:\/\/marquepageleognan.fr\/wordpress\/index.php\/wp-json\/wp\/v2\/posts\/809\/revisions"}],"predecessor-version":[{"id":810,"href":"https:\/\/marquepageleognan.fr\/wordpress\/index.php\/wp-json\/wp\/v2\/posts\/809\/revisions\/810"}],"wp:attachment":[{"href":"https:\/\/marquepageleognan.fr\/wordpress\/index.php\/wp-json\/wp\/v2\/media?parent=809"}],"wp:term":[{"taxonomy":"category","embeddable":true,"href":"https:\/\/marquepageleognan.fr\/wordpress\/index.php\/wp-json\/wp\/v2\/categories?post=809"},{"taxonomy":"post_tag","embeddable":true,"href":"https:\/\/marquepageleognan.fr\/wordpress\/index.php\/wp-json\/wp\/v2\/tags?post=809"}],"curies":[{"name":"wp","href":"https:\/\/api.w.org\/{rel}","templated":true}]}}